{"id":2436,"date":"2026-04-29T13:27:09","date_gmt":"2026-04-29T13:27:09","guid":{"rendered":"https:\/\/uni-informa.it\/-\/?p=2436"},"modified":"2026-05-01T08:20:03","modified_gmt":"2026-05-01T08:20:03","slug":"todos-juntos-apasionadamente","status":"publish","type":"post","link":"https:\/\/uni-informa.it\/-\/todos-juntos-apasionadamente\/","title":{"rendered":"\u00a1Todos juntos apasionadamente!"},"content":{"rendered":"<p class=\"western\" align=\"left\">I corsi di spagnolo della professoressa Clara Vismara si sono conclusi con una piacevole novit\u00e0: ulteriori cinque incontri settimanali di un\u2019ora ciascuno durante i quali si cantano, rigorosamente in spagnolo, canzoni spagnole o sudamericane. L&#8217;esperienza si concluder\u00e0 l&#8217;11 maggio ed \u00e8 possibile ancora partecipare anche solo per le ultime due lezioni. L&#8217;opportunit\u00e0 \u00e8 stata aperta a tutti gli iscritti UNI-CREMA e non \u00e8 necessario conoscere la lingua o aver partecipato ai corsi durante l\u2019anno.<\/p>\n<p class=\"western\" align=\"left\">Dopo una spiegazione iniziale delle principali regole di fonetica, un riassunto dell&#8217;origine della canzone e qualche nozione grammaticale di base, il \u201c<em>coro<\/em>\u201d, circa quaranta persone, si \u00e8 divertito cantando canzoni famosissime e non: \u201c<i>Cielito Lindo<\/i>\u201d, \u201c<i>La Bamba<\/i>\u201d, <em>Y viva Espa\u00f1a<\/em> \u2026<\/p>\n<p><img loading=\"lazy\" decoding=\"async\" class=\"size-medium wp-image-2574\" src=\"http:\/\/uni-informa.it\/-\/wp-content\/uploads\/2026\/04\/cielito-lindo-lyrics-1-300x214.jpg\" alt=\"\" width=\"300\" height=\"214\" srcset=\"https:\/\/uni-informa.it\/-\/wp-content\/uploads\/2026\/04\/cielito-lindo-lyrics-1-300x214.jpg 300w, https:\/\/uni-informa.it\/-\/wp-content\/uploads\/2026\/04\/cielito-lindo-lyrics-1.jpg 700w\" sizes=\"auto, (max-width: 300px) 100vw, 300px\" \/><\/p>\n<p class=\"western\" align=\"left\">Cantare in una lingua straniera pu\u00f2 aiutare a superare l\u2019imbarazzo che l\u2019adulto ha nel comunicare in un idioma che non gli appartiene e nel quale si sente a disagio perch\u00e9 si deve esprimere con un linguaggio elementare fino a quando non raggiunge un livello che gli permetta una certa autonomia nella conversazione. Nel \u201c<em>coro<\/em>\u201d si condivide la difficolt\u00e0, l\u2019imbarazzo si affievolisce e ci si pu\u00f2 esprimere con naturalezza, traguardo importante nell&#8217;apprendimento di una lingua straniera. Esperienza da ripetere!<\/p>\n<p class=\"western\" align=\"left\">Il corso \u00e8 stimolante e divertente grazie anche alla &#8220;super prof. Clara&#8221; che con competenza e allegria ci ha guidato nel mondo delle sonorit\u00e0 sudamericane.<\/p>\n<p class=\"western\" align=\"left\"><img loading=\"lazy\" decoding=\"async\" class=\"alignnone wp-image-2512\" src=\"http:\/\/uni-informa.it\/-\/wp-content\/uploads\/2026\/04\/WhatsApp-Image-2026-04-29-at-22.53.13-224x300.jpeg\" alt=\"\" width=\"184\" height=\"246\" srcset=\"https:\/\/uni-informa.it\/-\/wp-content\/uploads\/2026\/04\/WhatsApp-Image-2026-04-29-at-22.53.13-224x300.jpeg 224w, https:\/\/uni-informa.it\/-\/wp-content\/uploads\/2026\/04\/WhatsApp-Image-2026-04-29-at-22.53.13-765x1024.jpeg 765w, https:\/\/uni-informa.it\/-\/wp-content\/uploads\/2026\/04\/WhatsApp-Image-2026-04-29-at-22.53.13-768x1027.jpeg 768w, https:\/\/uni-informa.it\/-\/wp-content\/uploads\/2026\/04\/WhatsApp-Image-2026-04-29-at-22.53.13-1148x1536.jpeg 1148w, https:\/\/uni-informa.it\/-\/wp-content\/uploads\/2026\/04\/WhatsApp-Image-2026-04-29-at-22.53.13.jpeg 1196w\" sizes=\"auto, (max-width: 184px) 100vw, 184px\" \/><\/p>\n<p><em>Iris Mutti<\/em><\/p>\n","protected":false},"excerpt":{"rendered":"<p>I corsi di spagnolo della professoressa Clara Vismara si sono conclusi con una piacevole novit\u00e0: ulteriori cinque incontri settimanali di un\u2019ora ciascuno durante i quali si cantano, rigorosamente in spagnolo, canzoni spagnole o sudamericane. L&#8217;esperienza si concluder\u00e0 l&#8217;11 maggio ed \u00e8 possibile ancora partecipare anche solo per le ultime due lezioni. L&#8217;opportunit\u00e0 \u00e8 stata aperta&hellip;&nbsp;<\/p>\n","protected":false},"author":10,"featured_media":2484,"comment_status":"open","ping_status":"closed","sticky":false,"template":"","format":"standard","meta":{"neve_meta_sidebar":"","neve_meta_container":"","neve_meta_enable_content_width":"off","neve_meta_content_width":70,"neve_meta_title_alignment":"","neve_meta_author_avatar":"","neve_post_elements_order":"","neve_meta_disable_header":"","neve_meta_disable_footer":"","neve_meta_disable_title":"","_themeisle_gutenberg_block_has_review":false,"footnotes":"","_links_to":"","_links_to_target":""},"categories":[8],"tags":[],"class_list":["post-2436","post","type-post","status-publish","format-standard","has-post-thumbnail","hentry","category-la-lingua-lunga"],"_links":{"self":[{"href":"https:\/\/uni-informa.it\/-\/wp-json\/wp\/v2\/posts\/2436","targetHints":{"allow":["GET"]}}],"collection":[{"href":"https:\/\/uni-informa.it\/-\/wp-json\/wp\/v2\/posts"}],"about":[{"href":"https:\/\/uni-informa.it\/-\/wp-json\/wp\/v2\/types\/post"}],"author":[{"embeddable":true,"href":"https:\/\/uni-informa.it\/-\/wp-json\/wp\/v2\/users\/10"}],"replies":[{"embeddable":true,"href":"https:\/\/uni-informa.it\/-\/wp-json\/wp\/v2\/comments?post=2436"}],"version-history":[{"count":13,"href":"https:\/\/uni-informa.it\/-\/wp-json\/wp\/v2\/posts\/2436\/revisions"}],"predecessor-version":[{"id":2575,"href":"https:\/\/uni-informa.it\/-\/wp-json\/wp\/v2\/posts\/2436\/revisions\/2575"}],"wp:featuredmedia":[{"embeddable":true,"href":"https:\/\/uni-informa.it\/-\/wp-json\/wp\/v2\/media\/2484"}],"wp:attachment":[{"href":"https:\/\/uni-informa.it\/-\/wp-json\/wp\/v2\/media?parent=2436"}],"wp:term":[{"taxonomy":"category","embeddable":true,"href":"https:\/\/uni-informa.it\/-\/wp-json\/wp\/v2\/categories?post=2436"},{"taxonomy":"post_tag","embeddable":true,"href":"https:\/\/uni-informa.it\/-\/wp-json\/wp\/v2\/tags?post=2436"}],"curies":[{"name":"wp","href":"https:\/\/api.w.org\/{rel}","templated":true}]}}