{"id":2389,"date":"2026-04-22T17:02:18","date_gmt":"2026-04-22T17:02:18","guid":{"rendered":"https:\/\/uni-informa.it\/-\/?p=2389"},"modified":"2026-04-22T17:03:16","modified_gmt":"2026-04-22T17:03:16","slug":"tra-i-semi-dimenticati","status":"publish","type":"post","link":"https:\/\/uni-informa.it\/-\/tra-i-semi-dimenticati\/","title":{"rendered":"Tra i semi dimenticati"},"content":{"rendered":"<div dir=\"auto\">Cereali antichi, minori, abbandonati, dimenticati. Semi che per millenni hanno sfamato l&#8217;uomo e che si sono adattati ai cambiamenti del territorio, naturali o indotti dall&#8217;attivit\u00e0 antropica. Da anni UNI-CREMA propone cicli di incontri per conoscere la geomorfologia della pianura, l&#8217;evoluzione delle tecniche agricole e le colture storiche di cui custodire la memoria.<\/div>\n<div dir=\"auto\"><\/div>\n<div dir=\"auto\"><img loading=\"lazy\" decoding=\"async\" class=\"alignnone wp-image-2427\" src=\"http:\/\/uni-informa.it\/-\/wp-content\/uploads\/2026\/04\/MUSEO-OFFANENGO-300x182.jpg\" alt=\"\" width=\"467\" height=\"283\" srcset=\"https:\/\/uni-informa.it\/-\/wp-content\/uploads\/2026\/04\/MUSEO-OFFANENGO-300x182.jpg 300w, https:\/\/uni-informa.it\/-\/wp-content\/uploads\/2026\/04\/MUSEO-OFFANENGO-1024x620.jpg 1024w, https:\/\/uni-informa.it\/-\/wp-content\/uploads\/2026\/04\/MUSEO-OFFANENGO-768x465.jpg 768w, https:\/\/uni-informa.it\/-\/wp-content\/uploads\/2026\/04\/MUSEO-OFFANENGO-1536x930.jpg 1536w, https:\/\/uni-informa.it\/-\/wp-content\/uploads\/2026\/04\/MUSEO-OFFANENGO-2048x1240.jpg 2048w\" sizes=\"auto, (max-width: 467px) 100vw, 467px\" \/><\/div>\n<div dir=\"auto\">Siamo al Museo della civilt\u00e0 contadina di Offanengo. Dopo gli interessanti approfondimenti sulla coltivazione del lino e sulla gelsibachicoltura , oggi si parla di cereali minori. La loro storia, l&#8217;origine del nome, le propriet\u00e0, la capacit\u00e0 produttiva e il valore commerciale.<\/div>\n<div dir=\"auto\"><img loading=\"lazy\" decoding=\"async\" class=\"alignnone wp-image-2429\" src=\"http:\/\/uni-informa.it\/-\/wp-content\/uploads\/2026\/04\/Gaetre-300x169.jpg\" alt=\"\" width=\"407\" height=\"229\" srcset=\"https:\/\/uni-informa.it\/-\/wp-content\/uploads\/2026\/04\/Gaetre-300x169.jpg 300w, https:\/\/uni-informa.it\/-\/wp-content\/uploads\/2026\/04\/Gaetre-1024x576.jpg 1024w, https:\/\/uni-informa.it\/-\/wp-content\/uploads\/2026\/04\/Gaetre-768x432.jpg 768w, https:\/\/uni-informa.it\/-\/wp-content\/uploads\/2026\/04\/Gaetre-1536x864.jpg 1536w, https:\/\/uni-informa.it\/-\/wp-content\/uploads\/2026\/04\/Gaetre-2048x1153.jpg 2048w\" sizes=\"auto, (max-width: 407px) 100vw, 407px\" \/><\/div>\n<div dir=\"auto\">\u00a0Si possono condensare tante informazioni in un&#8217;ora e mezza? S\u00ec, se il relatore \u00e8 il dottor Andrea Messa ed ha la grande capacit\u00e0 di comunicare il proprio amore e il rispetto totale per la terra e ci\u00f2 che produce. Notizie storiche e ipotesi, testimonianze personali e ricordi condivisi, spiegazioni scientifiche e saggezza degli avi. Non una lezione, ma un&#8217;esperienza. Tattile: toccare i semi, sentirne la consistenza, il peso. Visiva: la bellezza delle spighe, le sfumature di colore, cos\u00ec simili alla terra di cui si nutrono. Non solo il recupero memoriale di un patrimonio culturale importante, ma un recupero fattivo. Oggi una sensibilit\u00e0 pi\u00f9 green e attenta all&#8217;ecosostenibilit\u00e0 richiede di tornare ai coltivi trascurati o considerati di nicchia.<\/div>\n<div dir=\"auto\"><img loading=\"lazy\" decoding=\"async\" class=\"alignnone wp-image-2428\" src=\"http:\/\/uni-informa.it\/-\/wp-content\/uploads\/2026\/04\/Gaedue-169x300.jpg\" alt=\"\" width=\"196\" height=\"348\" srcset=\"https:\/\/uni-informa.it\/-\/wp-content\/uploads\/2026\/04\/Gaedue-169x300.jpg 169w, https:\/\/uni-informa.it\/-\/wp-content\/uploads\/2026\/04\/Gaedue-576x1024.jpg 576w, https:\/\/uni-informa.it\/-\/wp-content\/uploads\/2026\/04\/Gaedue-768x1365.jpg 768w, https:\/\/uni-informa.it\/-\/wp-content\/uploads\/2026\/04\/Gaedue-864x1536.jpg 864w, https:\/\/uni-informa.it\/-\/wp-content\/uploads\/2026\/04\/Gaedue-1152x2048.jpg 1152w, https:\/\/uni-informa.it\/-\/wp-content\/uploads\/2026\/04\/Gaedue-scaled.jpg 1440w\" sizes=\"auto, (max-width: 196px) 100vw, 196px\" \/>\u00a0 \u00a0 \u00a0 \u00a0 \u00a0 \u00a0 \u00a0 \u00a0 <img loading=\"lazy\" decoding=\"async\" class=\"alignnone wp-image-2430\" src=\"http:\/\/uni-informa.it\/-\/wp-content\/uploads\/2026\/04\/Gaequattro-169x300.jpg\" alt=\"\" width=\"198\" height=\"351\" srcset=\"https:\/\/uni-informa.it\/-\/wp-content\/uploads\/2026\/04\/Gaequattro-169x300.jpg 169w, https:\/\/uni-informa.it\/-\/wp-content\/uploads\/2026\/04\/Gaequattro-576x1024.jpg 576w, https:\/\/uni-informa.it\/-\/wp-content\/uploads\/2026\/04\/Gaequattro-768x1365.jpg 768w, https:\/\/uni-informa.it\/-\/wp-content\/uploads\/2026\/04\/Gaequattro-864x1536.jpg 864w, https:\/\/uni-informa.it\/-\/wp-content\/uploads\/2026\/04\/Gaequattro-1153x2048.jpg 1153w, https:\/\/uni-informa.it\/-\/wp-content\/uploads\/2026\/04\/Gaequattro-scaled.jpg 1441w\" sizes=\"auto, (max-width: 198px) 100vw, 198px\" \/><\/div>\n<div dir=\"auto\">Indispensabile una rotazione agricola pi\u00f9 varia che permetta al terreno di rinvigorirsi, per allontanare il progressivo processo di desertificazione che, purtroppo, interessa anche la campagna cremonese. Sorgo, miglio, avena, farro, ibridazioni naturali o create dall&#8217;uomo: difficile districarsi tra tutti i nomi per chi non \u00e8 del &#8220;mestiere&#8221;, ma questo incontro tanto denso ci lascia la curiosit\u00e0 e il desiderio di conoscere di pi\u00f9 di questo mondo. Completamente nuovo per me che ho un vissuto di terre laviche, rigogliose di limoni, e di profumo di salsedine. Ma proprio per questo ancora pi\u00f9 affascinante.<\/div>\n<div dir=\"auto\"><em>Gaetana Puglisi<\/em><\/div>\n<div class=\"yj6qo\"><\/div>\n<div class=\"adL\" dir=\"auto\"><\/div>\n","protected":false},"excerpt":{"rendered":"<p>Cereali antichi, minori, abbandonati, dimenticati. Semi che per millenni hanno sfamato l&#8217;uomo e che si sono adattati ai cambiamenti del territorio, naturali o indotti dall&#8217;attivit\u00e0 antropica. Da anni UNI-CREMA propone cicli di incontri per conoscere la geomorfologia della pianura, l&#8217;evoluzione delle tecniche agricole e le colture storiche di cui custodire la memoria. Siamo al Museo&hellip;&nbsp;<\/p>\n","protected":false},"author":7,"featured_media":2393,"comment_status":"open","ping_status":"closed","sticky":false,"template":"","format":"standard","meta":{"neve_meta_sidebar":"","neve_meta_container":"","neve_meta_enable_content_width":"off","neve_meta_content_width":70,"neve_meta_title_alignment":"","neve_meta_author_avatar":"","neve_post_elements_order":"","neve_meta_disable_header":"","neve_meta_disable_footer":"","neve_meta_disable_title":"","_themeisle_gutenberg_block_has_review":false,"footnotes":"","_links_to":"","_links_to_target":""},"categories":[5],"tags":[],"class_list":["post-2389","post","type-post","status-publish","format-standard","has-post-thumbnail","hentry","category-a-spasso-per-la-pianura"],"_links":{"self":[{"href":"https:\/\/uni-informa.it\/-\/wp-json\/wp\/v2\/posts\/2389","targetHints":{"allow":["GET"]}}],"collection":[{"href":"https:\/\/uni-informa.it\/-\/wp-json\/wp\/v2\/posts"}],"about":[{"href":"https:\/\/uni-informa.it\/-\/wp-json\/wp\/v2\/types\/post"}],"author":[{"embeddable":true,"href":"https:\/\/uni-informa.it\/-\/wp-json\/wp\/v2\/users\/7"}],"replies":[{"embeddable":true,"href":"https:\/\/uni-informa.it\/-\/wp-json\/wp\/v2\/comments?post=2389"}],"version-history":[{"count":4,"href":"https:\/\/uni-informa.it\/-\/wp-json\/wp\/v2\/posts\/2389\/revisions"}],"predecessor-version":[{"id":2432,"href":"https:\/\/uni-informa.it\/-\/wp-json\/wp\/v2\/posts\/2389\/revisions\/2432"}],"wp:featuredmedia":[{"embeddable":true,"href":"https:\/\/uni-informa.it\/-\/wp-json\/wp\/v2\/media\/2393"}],"wp:attachment":[{"href":"https:\/\/uni-informa.it\/-\/wp-json\/wp\/v2\/media?parent=2389"}],"wp:term":[{"taxonomy":"category","embeddable":true,"href":"https:\/\/uni-informa.it\/-\/wp-json\/wp\/v2\/categories?post=2389"},{"taxonomy":"post_tag","embeddable":true,"href":"https:\/\/uni-informa.it\/-\/wp-json\/wp\/v2\/tags?post=2389"}],"curies":[{"name":"wp","href":"https:\/\/api.w.org\/{rel}","templated":true}]}}