{"id":1,"date":"2026-04-27T19:09:06","date_gmt":"2026-04-27T19:09:06","guid":{"rendered":"http:\/\/uni-informa.it\/-\/?p=1"},"modified":"2026-04-29T20:11:13","modified_gmt":"2026-04-29T20:11:13","slug":"appunti-di-vita-1962-2042","status":"publish","type":"post","link":"https:\/\/uni-informa.it\/-\/appunti-di-vita-1962-2042\/","title":{"rendered":"Appunti di vita (1962-2042)"},"content":{"rendered":"<p><\/p>\r\n<p><em>L\u2019autobiografia \u00e8 glamour in UNI-CREMA. Tutti ne parlano, tutti vuotano il sacco e fanno i conti con il passato. E al futuro chi ci pensa? C\u2019\u00e8 molto ancora da fare! Perch\u00e9 riesumare un passato magari poco interessante e invece non mettere dei paletti per un futuro che sicuramente riserver\u00e0 ancora molte sorprese? In effetti Mario lascia il laboratorio con sorriso beffardo! Lui si \u00e8 portato avanti con l\u2019autobiografia: se l\u2019\u00e8 scritta quasi cinquant\u2019anni fa. <\/em><\/p>\r\n<p><em>Confessa agli amici che, da quando UNI-CREMA ha programmato lezioni e laboratori su come raccontarsi ed avere un \u201cVis-\u00e0-Vis\u201d col proprio io, si \u00e8 ricordato di quel quaderno che aveva titolato <strong>\u201cAppunti di vita (1962-2042)\u201d<\/strong> scritto a sedici anni. Si trattava del diario della sua vita fino al 2042, anno in cui avrebbe incontrato \u201cSORA MORTE\u201d. Era in un cassetto del solaio, sgualcito ma ancora leggibile. Che fantasia, a sedici anni, anche se non \u00e8 proprio andata come scriveva in quel libercolo! Ingegnere informatico al Politecnico di Milano, esperienza ad Harvard come assistente, ritorno in Italia con un curriculum di tutto rispetto e poi direttore in una nota azienda di computer italiana. Matrimonio felice con una ex-ballerina della Scala di Milano, tre figli: la ragazza insegnante in un liceo di Torino; il secondogenito, vescovo in una citt\u00e0 siciliana e il terzo, manager in una TV privata. E poi anche tutte le attivit\u00e0 in campo sociale: assistenza ai migranti, volontario in una scuola per disabili. <\/em><\/p>\r\n<p><em>Che vita fantastica! Certo un\u2019esperienza invidiabile ma \u00e8 proprio quello che \u00e8 successo? Mario, ripercorrendo le pagine del suo diario arricchito anche da disegni, passa dall\u2019entusiasmo alla delusione, per non dire alla depressione. Subito si accorge che qualcosa \u00e9 andato storto, forse le molte cosiddette \u201c<strong>Sliding doors\u201d<\/strong> della sua vita hanno tramato contro di lui e lo hanno portato a vivere una vita amorfa, incolore senza sussulti. <\/em><\/p>\r\n<p><em>Altro che ingegnere informatico! Operaio alla catena di montaggio in una lugubre azienda di macchine da scrivere, qualche esperienza amorosa ma niente di che, un tentativo nel mondo del calcio fallito miseramente, qualche viaggetto in musei italiani al seguito di una universit\u00e0 di vecchietti lombardi. <\/em><\/p>\r\n<p><em>Ma il suo diario del futuro pu\u00f2 essere uno stimolo; ha davanti a s\u00e9 vent\u2019anni da vivere ancora (la sua deadline \u00e9 il 2042! ). <\/em><\/p>\r\n<p><em>E quindi c\u2019\u00e9 tempo per scrivere un\u2019autobiografia riveduta e corretta: <strong>\u201cAppunti di vita (2025-2042)\u201d.<\/strong><\/em><\/p>\r\n<p><em>GIBI<\/em><\/p>\r\n<p><\/p>","protected":false},"excerpt":{"rendered":"<p>L\u2019autobiografia \u00e8 glamour in UNI-CREMA. Tutti ne parlano, tutti vuotano il sacco e fanno i conti con il passato. E al futuro chi ci pensa? C\u2019\u00e8 molto ancora da fare! Perch\u00e9 riesumare un passato magari poco interessante e invece non mettere dei paletti per un futuro che sicuramente riserver\u00e0 ancora molte sorprese? In effetti Mario&hellip;&nbsp;<\/p>\n","protected":false},"author":12,"featured_media":1070,"comment_status":"open","ping_status":"open","sticky":false,"template":"","format":"standard","meta":{"neve_meta_sidebar":"","neve_meta_container":"","neve_meta_enable_content_width":"off","neve_meta_content_width":70,"neve_meta_title_alignment":"","neve_meta_author_avatar":"","neve_post_elements_order":"","neve_meta_disable_header":"","neve_meta_disable_footer":"","neve_meta_disable_title":"","_themeisle_gutenberg_block_has_review":false,"footnotes":"","_links_to":"","_links_to_target":""},"categories":[27],"tags":[],"class_list":["post-1","post","type-post","status-publish","format-standard","has-post-thumbnail","hentry","category-parliamo-di"],"_links":{"self":[{"href":"https:\/\/uni-informa.it\/-\/wp-json\/wp\/v2\/posts\/1","targetHints":{"allow":["GET"]}}],"collection":[{"href":"https:\/\/uni-informa.it\/-\/wp-json\/wp\/v2\/posts"}],"about":[{"href":"https:\/\/uni-informa.it\/-\/wp-json\/wp\/v2\/types\/post"}],"author":[{"embeddable":true,"href":"https:\/\/uni-informa.it\/-\/wp-json\/wp\/v2\/users\/12"}],"replies":[{"embeddable":true,"href":"https:\/\/uni-informa.it\/-\/wp-json\/wp\/v2\/comments?post=1"}],"version-history":[{"count":11,"href":"https:\/\/uni-informa.it\/-\/wp-json\/wp\/v2\/posts\/1\/revisions"}],"predecessor-version":[{"id":2511,"href":"https:\/\/uni-informa.it\/-\/wp-json\/wp\/v2\/posts\/1\/revisions\/2511"}],"wp:featuredmedia":[{"embeddable":true,"href":"https:\/\/uni-informa.it\/-\/wp-json\/wp\/v2\/media\/1070"}],"wp:attachment":[{"href":"https:\/\/uni-informa.it\/-\/wp-json\/wp\/v2\/media?parent=1"}],"wp:term":[{"taxonomy":"category","embeddable":true,"href":"https:\/\/uni-informa.it\/-\/wp-json\/wp\/v2\/categories?post=1"},{"taxonomy":"post_tag","embeddable":true,"href":"https:\/\/uni-informa.it\/-\/wp-json\/wp\/v2\/tags?post=1"}],"curies":[{"name":"wp","href":"https:\/\/api.w.org\/{rel}","templated":true}]}}